{"id":2528,"date":"2026-07-26T09:56:21","date_gmt":"2026-07-26T12:56:21","guid":{"rendered":"https:\/\/scmartinscontabilidade.com.br\/?p=2528"},"modified":"2026-07-26T10:02:21","modified_gmt":"2026-07-26T13:02:21","slug":"anexo-iv-simples-nacional","status":"publish","type":"post","link":"https:\/\/scmartinscontabilidade.com.br\/index.php\/anexo-iv-simples-nacional\/","title":{"rendered":"Anexo IV do Simples Nacional: quem paga e por que o INSS fica de fora"},"content":{"rendered":"<p>O <strong>Anexo IV do Simples Nacional<\/strong> \u00e9 a tabela aplicada a constru\u00e7\u00e3o civil, obras de engenharia, vigil\u00e2ncia, limpeza, conserva\u00e7\u00e3o e <strong>servi\u00e7os advocat\u00edcios<\/strong>. Ele tem a menor al\u00edquota inicial de todas \u2014 <strong>4,50%<\/strong>, contra 6% do Anexo III \u2014 e, justamente por isso, engana: no Anexo IV a <strong>contribui\u00e7\u00e3o previdenci\u00e1ria patronal (CPP) n\u00e3o est\u00e1 inclu\u00edda no DAS<\/strong> e precisa ser recolhida \u00e0 parte. Quem olha s\u00f3 a tabela subestima a carga real. Abaixo, as faixas, quem se enquadra e como fazer a conta completa.<\/p>\n<div style=\"background:#eff6ff;border-left:4px solid #2563eb;border-radius:8px;padding:1.25rem 1.5rem;margin:1.5rem 0;\">\n<p style=\"margin:0 0 0.5rem;font-weight:700;\">Tem escrit\u00f3rio de advocacia e quer saber a sua carga real no Anexo IV?<\/p>\n<p style=\"margin:0;\"><a href=\"https:\/\/scmartinscontabilidade.com.br\/advogados\/\">Contabilidade para advogados em Maring\u00e1<\/a><\/p>\n<\/div>\n<h2>Quem se enquadra no Anexo IV<\/h2>\n<p>O enquadramento n\u00e3o \u00e9 escolha da empresa: ele decorre da atividade exercida, nos termos do \u00a7 5\u00ba-C do art. 18 da <a href=\"https:\/\/www.planalto.gov.br\/ccivil_03\/leis\/lcp\/lcp123.htm\" target=\"_blank\" rel=\"noopener\">Lei Complementar n\u00ba 123\/2006<\/a>. Entram no Anexo IV as receitas de:<\/p>\n<ul>\n<li>constru\u00e7\u00e3o de im\u00f3veis e <strong>obras de engenharia em geral<\/strong>, inclusive sob a forma de subempreitada;<\/li>\n<li>execu\u00e7\u00e3o de projetos e servi\u00e7os de <strong>paisagismo<\/strong>, bem como decora\u00e7\u00e3o de interiores;<\/li>\n<li>servi\u00e7o de <strong>vigil\u00e2ncia<\/strong>, limpeza ou conserva\u00e7\u00e3o;<\/li>\n<li><strong>servi\u00e7os advocat\u00edcios<\/strong>.<\/li>\n<\/ul>\n<p>Note que advocacia est\u00e1 aqui e n\u00e3o no reenquadramento pelo Fator R. Para o escrit\u00f3rio de advocacia, portanto, n\u00e3o existe a decis\u00e3o entre Anexo III e Anexo V \u2014 a tabela \u00e9 sempre a IV, independentemente do peso da folha.<\/p>\n<h2>Tabela do Anexo IV em 2026<\/h2>\n<p>As al\u00edquotas nominais v\u00e3o de 4,50% a 33%, conforme a receita bruta dos \u00faltimos 12 meses (RBT12). A parcela a deduzir \u00e9 o que transforma a al\u00edquota nominal na efetiva:<\/p>\n<table border=\"1\" cellpadding=\"8\" cellspacing=\"0\">\n<thead>\n<tr>\n<th>Faixa<\/th>\n<th>Receita bruta em 12 meses<\/th>\n<th>Al\u00edquota<\/th>\n<th>Parcela a deduzir<\/th>\n<\/tr>\n<\/thead>\n<tbody>\n<tr>\n<td>1\u00aa<\/td>\n<td>At\u00e9 R$ 180.000,00<\/td>\n<td>4,50%<\/td>\n<td>\u2014<\/td>\n<\/tr>\n<tr>\n<td>2\u00aa<\/td>\n<td>De R$ 180.000,01 a R$ 360.000,00<\/td>\n<td>9,00%<\/td>\n<td>R$ 8.100,00<\/td>\n<\/tr>\n<tr>\n<td>3\u00aa<\/td>\n<td>De R$ 360.000,01 a R$ 720.000,00<\/td>\n<td>10,20%<\/td>\n<td>R$ 12.420,00<\/td>\n<\/tr>\n<tr>\n<td>4\u00aa<\/td>\n<td>De R$ 720.000,01 a R$ 1.800.000,00<\/td>\n<td>14,00%<\/td>\n<td>R$ 39.780,00<\/td>\n<\/tr>\n<tr>\n<td>5\u00aa<\/td>\n<td>De R$ 1.800.000,01 a R$ 3.600.000,00<\/td>\n<td>22,00%<\/td>\n<td>R$ 183.780,00<\/td>\n<\/tr>\n<tr>\n<td>6\u00aa<\/td>\n<td>De R$ 3.600.000,01 a R$ 4.800.000,00<\/td>\n<td>33,00%<\/td>\n<td>R$ 828.000,00<\/td>\n<\/tr>\n<\/tbody>\n<\/table>\n<p style=\"font-size:0.85rem;color:#64748b;\">Fonte: <a href=\"https:\/\/www.planalto.gov.br\/ccivil_03\/leis\/lcp\/lcp123.htm\" target=\"_blank\" rel=\"noopener\">Lei Complementar n\u00ba 123\/2006<\/a>, art. 18, \u00a7 5\u00ba-C, e <a href=\"http:\/\/normas.receita.fazenda.gov.br\/sijut2consulta\/link.action?idAto=92278\" target=\"_blank\" rel=\"noopener\">Resolu\u00e7\u00e3o CGSN n\u00ba 140\/2018<\/a>, art. 25, IV. Vig\u00eancia a partir de 1\u00ba.01.2018.<\/p>\n<h2>Por que o INSS patronal fica de fora do DAS<\/h2>\n<p>Nos Anexos I, II, III e V, a contribui\u00e7\u00e3o previdenci\u00e1ria patronal est\u00e1 embutida no DAS \u2014 voc\u00ea paga uma guia e acabou. No <strong>Anexo IV, n\u00e3o<\/strong>. A pr\u00f3pria Lei Complementar n\u00ba 123\/2006 (arts. 18, \u00a7 5\u00ba-C, e 33, \u00a7 2\u00ba) exclui a CPP do recolhimento unificado nessas atividades, e ela passa a ser recolhida separadamente, segundo as regras gerais da Receita Federal.<\/p>\n<p>Na pr\u00e1tica, isso significa <strong>20% sobre a folha de pagamento e sobre o pr\u00f3-labore<\/strong> dos s\u00f3cios, conforme o art. 22 da <a href=\"https:\/\/www.planalto.gov.br\/ccivil_03\/leis\/l8212cons.htm\" target=\"_blank\" rel=\"noopener\">Lei n\u00ba 8.212\/1991<\/a>, acrescidos do RAT conforme o grau de risco da atividade \u2014 as contribui\u00e7\u00f5es a terceiros (Sistema S) s\u00e3o dispensadas para optantes do Simples pelo art. 13, \u00a7 3\u00ba da LC 123\/2006. \u00c9 uma segunda obriga\u00e7\u00e3o mensal, com apura\u00e7\u00e3o pr\u00f3pria, que n\u00e3o aparece em nenhuma linha da tabela do Anexo IV.<\/p>\n<figure style=\"margin:2rem 0;\">\n<svg viewBox=\"0 0 560 240\" role=\"img\" aria-label=\"Compara\u00e7\u00e3o: nos anexos III e V a contribui\u00e7\u00e3o previdenci\u00e1ria patronal est\u00e1 dentro do DAS; no anexo IV o DAS \u00e9 menor, mas a CPP de 20 por cento sobre a folha \u00e9 recolhida separadamente\" xmlns=\"http:\/\/www.w3.org\/2000\/svg\" style=\"max-width:100%;height:auto;\">\n  <text x=\"280\" y=\"24\" text-anchor=\"middle\" font-family=\"Arial, sans-serif\" font-size=\"16\" font-weight=\"700\" fill=\"#1e293b\">Onde entra o INSS patronal<\/text>\n  <text x=\"140\" y=\"52\" text-anchor=\"middle\" font-family=\"Arial, sans-serif\" font-size=\"13\" font-weight=\"700\" fill=\"#475569\">Anexos I, II, III e V<\/text>\n  <rect x=\"40\" y=\"64\" width=\"200\" height=\"104\" rx=\"8\" fill=\"#ecfdf5\" stroke=\"#10b981\" stroke-width=\"1.5\"><\/rect>\n  <text x=\"140\" y=\"90\" text-anchor=\"middle\" font-family=\"Arial, sans-serif\" font-size=\"13\" font-weight=\"700\" fill=\"#047857\">DAS \u00fanico<\/text>\n  <text x=\"140\" y=\"112\" text-anchor=\"middle\" font-family=\"Arial, sans-serif\" font-size=\"11\" fill=\"#047857\">IRPJ \u00b7 CSLL \u00b7 PIS \u00b7 Cofins<\/text>\n  <text x=\"140\" y=\"128\" text-anchor=\"middle\" font-family=\"Arial, sans-serif\" font-size=\"11\" fill=\"#047857\">ICMS ou ISS<\/text>\n  <text x=\"140\" y=\"150\" text-anchor=\"middle\" font-family=\"Arial, sans-serif\" font-size=\"12\" font-weight=\"700\" fill=\"#047857\">+ CPP inclusa<\/text>\n  <text x=\"420\" y=\"52\" text-anchor=\"middle\" font-family=\"Arial, sans-serif\" font-size=\"13\" font-weight=\"700\" fill=\"#475569\">Anexo IV<\/text>\n  <rect x=\"320\" y=\"64\" width=\"200\" height=\"60\" rx=\"8\" fill=\"#eff6ff\" stroke=\"#2563eb\" stroke-width=\"1.5\"><\/rect>\n  <text x=\"420\" y=\"88\" text-anchor=\"middle\" font-family=\"Arial, sans-serif\" font-size=\"13\" font-weight=\"700\" fill=\"#1d4ed8\">DAS (a partir de 4,50%)<\/text>\n  <text x=\"420\" y=\"110\" text-anchor=\"middle\" font-family=\"Arial, sans-serif\" font-size=\"11\" fill=\"#1d4ed8\">IRPJ \u00b7 CSLL \u00b7 PIS \u00b7 Cofins \u00b7 ISS<\/text>\n  <rect x=\"320\" y=\"132\" width=\"200\" height=\"60\" rx=\"8\" fill=\"#fef2f2\" stroke=\"#ef4444\" stroke-width=\"2\"><\/rect>\n  <text x=\"420\" y=\"156\" text-anchor=\"middle\" font-family=\"Arial, sans-serif\" font-size=\"13\" font-weight=\"700\" fill=\"#b91c1c\">CPP \u00e0 parte<\/text>\n  <text x=\"420\" y=\"177\" text-anchor=\"middle\" font-family=\"Arial, sans-serif\" font-size=\"11\" fill=\"#b91c1c\">20% da folha + RAT (sem Sistema S)<\/text>\n  <rect x=\"40\" y=\"204\" width=\"480\" height=\"28\" rx=\"6\" fill=\"#fffbeb\" stroke=\"#f59e0b\"><\/rect>\n  <text x=\"280\" y=\"222\" text-anchor=\"middle\" font-family=\"Arial, sans-serif\" font-size=\"12\" font-weight=\"700\" fill=\"#b45309\">A carga real do Anexo IV \u00e9 o DAS mais a CPP \u2014 duas guias, n\u00e3o uma.<\/text>\n<\/svg><figcaption style=\"font-size:0.85rem;color:#64748b;margin-top:0.5rem;\">Fonte: Lei Complementar n\u00ba 123\/2006, arts. 18, \u00a7 5\u00ba-C, e 33, \u00a7 2\u00ba. Elabora\u00e7\u00e3o: SC Martins Contabilidade.<\/figcaption><\/figure>\n<div style=\"background:#f8fafc;border:1px solid #e2e8f0;border-radius:8px;padding:1.5rem;margin:2rem 0;text-align:center;\">\n<p style=\"margin:0 0 0.75rem;font-weight:700;font-size:1.1rem;\">Quer a conta do Anexo IV com a sua folha?<\/p>\n<p style=\"margin:0 0 1rem;\">A gente soma DAS e INSS patronal e mostra o custo real do seu caso.<\/p>\n<p style=\"margin:0;\"><a href=\"https:\/\/wa.me\/5544965910033?text=Ol%C3%A1%21%20Li%20o%20artigo%20sobre%20o%20Anexo%20IV%20e%20quero%20a%20conta%20com%20os%20meus%20n%C3%BAmeros.\" target=\"_blank\" rel=\"noopener\" style=\"display:inline-block;background:#25D366;color:#fff;padding:0.75rem 1.5rem;border-radius:6px;text-decoration:none;font-weight:600;\">Falar no WhatsApp<\/a><\/p>\n<\/div>\n<h2>Como calcular a al\u00edquota efetiva<\/h2>\n<p>A al\u00edquota da tabela n\u00e3o \u00e9 a que voc\u00ea paga \u2014 a apura\u00e7\u00e3o \u00e9 feita no <a href=\"https:\/\/www8.receita.fazenda.gov.br\/SimplesNacional\/\" target=\"_blank\" rel=\"noopener\">Portal do Simples Nacional<\/a>, e a efetiva sai da f\u00f3rmula: <strong>(RBT12 \u00d7 al\u00edquota \u2212 parcela a deduzir) \u00f7 RBT12<\/strong>.<\/p>\n<p>Um exemplo: um escrit\u00f3rio de advocacia com R$ 400.000 de receita nos \u00faltimos 12 meses est\u00e1 na 3\u00aa faixa \u2014 10,20%, com dedu\u00e7\u00e3o de R$ 12.420. A conta fica (400.000 \u00d7 10,20% \u2212 12.420) \u00f7 400.000, o que d\u00e1 <strong>7,10% de al\u00edquota efetiva<\/strong>, ou cerca de R$ 28.380 de DAS no ano. Bem abaixo dos 10,20% da tabela.<\/p>\n<p>Mas a conta n\u00e3o termina a\u00ed. Se esse escrit\u00f3rio tem uma folha de R$ 100.000 no ano somando sal\u00e1rios e pr\u00f3-labore, a CPP de 20% acrescenta aproximadamente R$ 20.000 \u2014 sem contar o RAT. A carga total sai de R$ 28.380 para cerca de <strong>R$ 48.380<\/strong>, ou 12,1% do faturamento. \u00c9 esse o n\u00famero que serve para decis\u00e3o, n\u00e3o os 4,50% da primeira linha da tabela.<\/p>\n<h2>Anexo IV \u00e9 mais barato que o Anexo III? Depende da folha<\/h2>\n<p>Aqui est\u00e1 a compara\u00e7\u00e3o que quase ningu\u00e9m faz. Com os mesmos R$ 400.000 de receita, o Anexo III cobraria 13,50% com dedu\u00e7\u00e3o de R$ 17.640 \u2014 uma efetiva de 9,09%, cerca de R$ 36.360 de DAS, <strong>j\u00e1 com a CPP inclusa<\/strong>.<\/p>\n<p>Ou seja: o Anexo IV economiza aproximadamente R$ 7.980 de DAS em rela\u00e7\u00e3o ao III, mas cobra a CPP por fora. Se a previd\u00eancia patronal do ano superar esse valor \u2014 o que acontece com uma folha anual acima de mais ou menos R$ 40.000 \u2014, o Anexo IV termina <strong>mais caro<\/strong>, apesar da al\u00edquota nominal menor. Quanto maior a folha, mais essa conta pesa.<\/p>\n<p>Isso n\u00e3o \u00e9 uma escolha a fazer: o anexo decorre da atividade. Serve para outra coisa \u2014 dimensionar o caixa e n\u00e3o ser pego de surpresa pela segunda guia. Para as atividades de servi\u00e7o que <em>de fato<\/em> alternam entre anexos conforme a folha, quem decide \u00e9 o <a href=\"https:\/\/scmartinscontabilidade.com.br\/fator-r\/\">Fator R<\/a>, e as faixas completas est\u00e3o na <a href=\"https:\/\/scmartinscontabilidade.com.br\/tabela-simples-nacional-2026\/\">tabela do Simples Nacional<\/a>.<\/p>\n<h2>Constru\u00e7\u00e3o civil e engenharia: aten\u00e7\u00e3o \u00e0 subempreitada<\/h2>\n<p>Para obras, o Anexo IV alcan\u00e7a a constru\u00e7\u00e3o de im\u00f3veis e as obras de engenharia em geral, <strong>inclusive sob a forma de subempreitada<\/strong>. Isso costuma pegar a empresa que terceiriza etapas e presume que a receita de subempreitada seguiria outra regra: ela tamb\u00e9m entra no Anexo IV, com a CPP \u00e0 parte.<\/p>\n<p>Some a isso a reten\u00e7\u00e3o previdenci\u00e1ria habitual em contratos de cess\u00e3o de m\u00e3o de obra e empreitada, e o resultado \u00e9 uma apura\u00e7\u00e3o com mais camadas do que a de um prestador comum. \u00c9 o tipo de opera\u00e7\u00e3o em que o erro n\u00e3o aparece na guia \u2014 aparece na fiscaliza\u00e7\u00e3o. Se voc\u00ea \u00e9 da \u00e1rea, veja a nossa p\u00e1gina de <a href=\"https:\/\/scmartinscontabilidade.com.br\/engenheiros\/\">contabilidade para engenheiros em Maring\u00e1<\/a>; se est\u00e1 estruturando a empresa agora, o enquadramento se acerta na <a href=\"https:\/\/scmartinscontabilidade.com.br\/abrir-empresa\/\">abertura<\/a>.<\/p>\n<h2>O pr\u00f3-labore no Anexo IV pesa diferente<\/h2>\n<p>Em qualquer empresa, o <a href=\"https:\/\/scmartinscontabilidade.com.br\/pro-labore\/\">pr\u00f3-labore<\/a> gera INSS. No Anexo IV, ele entra tamb\u00e9m na base da CPP patronal de 20% \u2014 o que significa que aumentar o pr\u00f3-labore encarece a previd\u00eancia da empresa, sem o efeito compensat\u00f3rio que o Fator R produz nos Anexos III e V.<\/p>\n<p>\u00c9 uma invers\u00e3o importante: nas atividades sujeitas ao Fator R, elevar a folha pode <em>reduzir<\/em> o imposto ao levar a empresa para o Anexo III. No Anexo IV, elevar a folha apenas aumenta a CPP. A defini\u00e7\u00e3o do pr\u00f3-labore do s\u00f3cio, aqui, \u00e9 decis\u00e3o de caixa e de previd\u00eancia \u2014 n\u00e3o de planejamento de anexo.<\/p>\n<div style=\"background:#f8fafc;border:1px solid #e2e8f0;border-radius:8px;padding:1.5rem;margin:2rem 0;text-align:center;\">\n<p style=\"margin:0 0 0.75rem;font-weight:700;font-size:1.1rem;\">Quer saber a sua carga real somando DAS e CPP?<\/p>\n<p style=\"margin:0 0 1rem;\">A gente calcula a al\u00edquota efetiva do seu Anexo IV com a sua folha, sem juridiqu\u00eas e sem compromisso.<\/p>\n<p style=\"margin:0;\"><a href=\"https:\/\/wa.me\/5544965910033?text=Ol%C3%A1%21%20Li%20o%20artigo%20sobre%20o%20Anexo%20IV%20e%20quero%20calcular%20a%20minha%20carga%20real.\" target=\"_blank\" rel=\"noopener\" style=\"display:inline-block;background:#25D366;color:#fff;padding:0.75rem 1.5rem;border-radius:6px;text-decoration:none;font-weight:600;\">Falar no WhatsApp<\/a><\/p>\n<\/div>\n<h2>Perguntas frequentes sobre o Anexo IV do Simples Nacional<\/h2>\n<h3>Quais atividades ficam no Anexo IV do Simples Nacional?<\/h3>\n<p>Pelo art. 18, \u00a7 5\u00ba-C da <a href=\"https:\/\/www.planalto.gov.br\/ccivil_03\/leis\/lcp\/lcp123.htm\" target=\"_blank\" rel=\"noopener\">Lei Complementar n\u00ba 123\/2006<\/a>: constru\u00e7\u00e3o de im\u00f3veis e obras de engenharia em geral, inclusive subempreitada; execu\u00e7\u00e3o de projetos e servi\u00e7os de paisagismo; decora\u00e7\u00e3o de interiores; servi\u00e7os de vigil\u00e2ncia, limpeza e conserva\u00e7\u00e3o; e servi\u00e7os advocat\u00edcios. O enquadramento decorre da atividade, n\u00e3o de escolha da empresa.<\/p>\n<h3>Qual a al\u00edquota do Anexo IV?<\/h3>\n<p>As al\u00edquotas nominais v\u00e3o de 4,50% na primeira faixa (receita de at\u00e9 R$ 180 mil em 12 meses) a 33% na sexta faixa (de R$ 3,6 a R$ 4,8 milh\u00f5es). A al\u00edquota que voc\u00ea efetivamente paga \u00e9 menor, porque se desconta a parcela a deduzir de cada faixa.<\/p>\n<h3>Por que o INSS patronal n\u00e3o est\u00e1 no DAS do Anexo IV?<\/h3>\n<p>Porque a <a href=\"https:\/\/www.planalto.gov.br\/ccivil_03\/leis\/lcp\/lcp123.htm\" target=\"_blank\" rel=\"noopener\">Lei Complementar n\u00ba 123\/2006<\/a>, nos arts. 18, \u00a7 5\u00ba-C, e 33, \u00a7 2\u00ba, exclui a contribui\u00e7\u00e3o previdenci\u00e1ria patronal do recolhimento unificado nessas atividades. Ela \u00e9 recolhida separadamente, a 20% sobre a folha e o pr\u00f3-labore, mais o RAT conforme o grau de risco. As contribui\u00e7\u00f5es a terceiros (Sistema S) n\u00e3o s\u00e3o devidas por optantes do Simples.<\/p>\n<h3>O Anexo IV \u00e9 mais barato que o Anexo III?<\/h3>\n<p>S\u00f3 na tabela. A al\u00edquota nominal inicial \u00e9 menor (4,50% contra 6%), mas no Anexo IV a CPP \u00e9 paga \u00e0 parte, enquanto no Anexo III j\u00e1 est\u00e1 no DAS. Com folha relevante, a carga total do Anexo IV pode superar a do Anexo III.<\/p>\n<h3>Escrit\u00f3rio de advocacia usa o Fator R?<\/h3>\n<p>N\u00e3o. Servi\u00e7os advocat\u00edcios s\u00e3o tributados pelo Anexo IV independentemente da rela\u00e7\u00e3o entre folha e receita. O <a href=\"https:\/\/scmartinscontabilidade.com.br\/fator-r\/\">Fator R<\/a> decide entre os Anexos III e V para outras atividades de servi\u00e7o, como sa\u00fade, engenharia e desenvolvimento de software.<\/p>\n<h3>Como calcular a al\u00edquota efetiva do Anexo IV?<\/h3>\n<p>Aplique (RBT12 \u00d7 al\u00edquota da faixa \u2212 parcela a deduzir) \u00f7 RBT12. Com R$ 400 mil de receita em 12 meses, a 3\u00aa faixa d\u00e1 (400.000 \u00d7 10,20% \u2212 12.420) \u00f7 400.000, ou 7,10% de efetiva. A esse valor soma-se a CPP recolhida \u00e0 parte.<\/p>\n<p style=\"font-size:0.85rem;color:#64748b;margin-top:2.5rem;border-top:1px solid #e2e8f0;padding-top:1rem;\">Conte\u00fado informativo produzido por <strong>Silvio Cesar Martins<\/strong>, contador \u2014 <strong>CRC\/PR 1-045678\/O-9<\/strong> \u2014, da <strong>SC Martins Contabilidade (CRC PR-012044)<\/strong>. Este material tem car\u00e1ter educativo e n\u00e3o substitui a an\u00e1lise cont\u00e1bil do seu caso concreto. Os exemplos s\u00e3o ilustrativos e desconsideram o RAT e particularidades da atividade, que alteram o resultado. As regras t\u00eam base na legisla\u00e7\u00e3o vigente em 2026 e podem ser alteradas.<\/p>\n<p><script type=\"application\/ld+json\" data-source=\"link-flow-faq\">{\"@context\":\"https:\/\/schema.org\",\"@type\":\"FAQPage\",\"mainEntity\":[{\"@type\":\"Question\",\"name\":\"Quais atividades ficam no Anexo IV do Simples Nacional?\",\"acceptedAnswer\":{\"@type\":\"Answer\",\"text\":\"Constru\u00e7\u00e3o de im\u00f3veis e obras de engenharia em geral, inclusive subempreitada; execu\u00e7\u00e3o de projetos e servi\u00e7os de paisagismo; decora\u00e7\u00e3o de interiores; servi\u00e7os de vigil\u00e2ncia, limpeza e conserva\u00e7\u00e3o; e servi\u00e7os advocat\u00edcios. O enquadramento decorre da atividade, n\u00e3o de escolha da empresa.\"}},{\"@type\":\"Question\",\"name\":\"Qual a al\u00edquota do Anexo IV?\",\"acceptedAnswer\":{\"@type\":\"Answer\",\"text\":\"As al\u00edquotas nominais v\u00e3o de 4,50% na primeira faixa (receita de at\u00e9 R$ 180 mil em 12 meses) a 33% na sexta faixa (de R$ 3,6 a R$ 4,8 milh\u00f5es). A al\u00edquota que voc\u00ea efetivamente paga \u00e9 menor, porque se desconta a parcela a deduzir de cada faixa.\"}},{\"@type\":\"Question\",\"name\":\"Por que o INSS patronal n\u00e3o est\u00e1 no DAS do Anexo IV?\",\"acceptedAnswer\":{\"@type\":\"Answer\",\"text\":\"Porque a Lei Complementar n\u00ba 123\/2006, nos arts. 18, \u00a7 5\u00ba-C, e 33, \u00a7 2\u00ba, exclui a contribui\u00e7\u00e3o previdenci\u00e1ria patronal do recolhimento unificado nessas atividades. Ela \u00e9 recolhida separadamente, a 20% sobre a folha e o pr\u00f3-labore, mais o RAT conforme o grau de risco. As contribui\u00e7\u00f5es a terceiros (Sistema S) n\u00e3o s\u00e3o devidas por optantes do Simples.\"}},{\"@type\":\"Question\",\"name\":\"O Anexo IV \u00e9 mais barato que o Anexo III?\",\"acceptedAnswer\":{\"@type\":\"Answer\",\"text\":\"S\u00f3 na tabela. A al\u00edquota nominal inicial \u00e9 menor (4,50% contra 6%), mas no Anexo IV a CPP \u00e9 paga \u00e0 parte, enquanto no Anexo III j\u00e1 est\u00e1 no DAS. Com folha relevante, a carga total do Anexo IV pode superar a do Anexo III.\"}},{\"@type\":\"Question\",\"name\":\"Escrit\u00f3rio de advocacia usa o Fator R?\",\"acceptedAnswer\":{\"@type\":\"Answer\",\"text\":\"N\u00e3o. Servi\u00e7os advocat\u00edcios s\u00e3o tributados pelo Anexo IV independentemente da rela\u00e7\u00e3o entre folha e receita. O Fator R decide entre os Anexos III e V para outras atividades de servi\u00e7o, como sa\u00fade, engenharia e desenvolvimento de software.\"}},{\"@type\":\"Question\",\"name\":\"Como calcular a al\u00edquota efetiva do Anexo IV?\",\"acceptedAnswer\":{\"@type\":\"Answer\",\"text\":\"Aplique (RBT12 \u00d7 al\u00edquota da faixa \u2212 parcela a deduzir) \u00f7 RBT12. Com R$ 400 mil de receita em 12 meses, a 3\u00aa faixa d\u00e1 (400.000 \u00d7 10,20% \u2212 12.420) \u00f7 400.000, ou 7,10% de efetiva. A esse valor soma-se a CPP recolhida \u00e0 parte.\"}}]}<\/script><\/p>\n","protected":false},"excerpt":{"rendered":"<p>O Anexo IV tem a menor al\u00edquota inicial do Simples \u2014 4,50% \u2014, mas \u00e9 o \u00fanico em que a contribui\u00e7\u00e3o previdenci\u00e1ria patronal fica fora do DAS. Veja as faixas, quem se enquadra e como somar DAS e CPP para achar a carga real.<\/p>\n","protected":false},"author":4,"featured_media":2659,"comment_status":"open","ping_status":"open","sticky":false,"template":"","format":"standard","meta":{"footnotes":""},"categories":[15],"tags":[],"class_list":["post-2528","post","type-post","status-publish","format-standard","has-post-thumbnail","hentry","category-impostos-e-tributacao"],"_links":{"self":[{"href":"https:\/\/scmartinscontabilidade.com.br\/index.php\/wp-json\/wp\/v2\/posts\/2528","targetHints":{"allow":["GET"]}}],"collection":[{"href":"https:\/\/scmartinscontabilidade.com.br\/index.php\/wp-json\/wp\/v2\/posts"}],"about":[{"href":"https:\/\/scmartinscontabilidade.com.br\/index.php\/wp-json\/wp\/v2\/types\/post"}],"author":[{"embeddable":true,"href":"https:\/\/scmartinscontabilidade.com.br\/index.php\/wp-json\/wp\/v2\/users\/4"}],"replies":[{"embeddable":true,"href":"https:\/\/scmartinscontabilidade.com.br\/index.php\/wp-json\/wp\/v2\/comments?post=2528"}],"version-history":[{"count":6,"href":"https:\/\/scmartinscontabilidade.com.br\/index.php\/wp-json\/wp\/v2\/posts\/2528\/revisions"}],"predecessor-version":[{"id":2676,"href":"https:\/\/scmartinscontabilidade.com.br\/index.php\/wp-json\/wp\/v2\/posts\/2528\/revisions\/2676"}],"wp:featuredmedia":[{"embeddable":true,"href":"https:\/\/scmartinscontabilidade.com.br\/index.php\/wp-json\/wp\/v2\/media\/2659"}],"wp:attachment":[{"href":"https:\/\/scmartinscontabilidade.com.br\/index.php\/wp-json\/wp\/v2\/media?parent=2528"}],"wp:term":[{"taxonomy":"category","embeddable":true,"href":"https:\/\/scmartinscontabilidade.com.br\/index.php\/wp-json\/wp\/v2\/categories?post=2528"},{"taxonomy":"post_tag","embeddable":true,"href":"https:\/\/scmartinscontabilidade.com.br\/index.php\/wp-json\/wp\/v2\/tags?post=2528"}],"curies":[{"name":"wp","href":"https:\/\/api.w.org\/{rel}","templated":true}]}}