{"id":2451,"date":"2026-07-21T06:54:35","date_gmt":"2026-07-21T09:54:35","guid":{"rendered":"https:\/\/scmartinscontabilidade.com.br\/?p=2451"},"modified":"2026-07-26T08:17:15","modified_gmt":"2026-07-26T11:17:15","slug":"pro-labore","status":"publish","type":"post","link":"https:\/\/scmartinscontabilidade.com.br\/index.php\/pro-labore\/","title":{"rendered":"Pr\u00f3-labore: o que \u00e9 e como definir em 2026"},"content":{"rendered":"<p>O <strong>pr\u00f3-labore<\/strong> \u00e9 a remunera\u00e7\u00e3o que o s\u00f3cio recebe pelo trabalho que faz na pr\u00f3pria empresa \u2014 diferente do lucro, que remunera o dinheiro investido. Em 2026, com o sal\u00e1rio m\u00ednimo em R$ 1.621,00, definir esse valor virou uma decis\u00e3o que mexe no INSS, no Imposto de Renda e at\u00e9 na al\u00edquota do Simples Nacional. Neste guia, voc\u00ea vai entender o que \u00e9 o pr\u00f3-labore, qual o m\u00ednimo, como ele \u00e9 tributado e por que o valor escolhido pode reduzir (ou aumentar) o imposto da sua empresa.<\/p>\n<div style=\"background:#eff6ff;border-left:4px solid #2563eb;border-radius:8px;padding:1.25rem 1.5rem;margin:1.5rem 0;\">\n<p style=\"margin:0 0 0.5rem;font-weight:700;\">Vai abrir empresa e ainda n\u00e3o sabe como retirar seu dinheiro dela? A gente estrutura pr\u00f3-labore, lucros e regime do jeito certo desde o come\u00e7o.<\/p>\n<p style=\"margin:0;\"><a href=\"https:\/\/scmartinscontabilidade.com.br\/abrir-empresa\/\">Abrir empresa em Maring\u00e1<\/a><\/p>\n<\/div>\n<h2>O que \u00e9 pr\u00f3-labore e por que ele existe<\/h2>\n<p>Pr\u00f3-labore, do latim, significa &#8220;pelo trabalho&#8221;. \u00c9 a remunera\u00e7\u00e3o do s\u00f3cio que atua na empresa \u2014 o equivalente ao sal\u00e1rio de quem \u00e9 dono e tamb\u00e9m trabalha no neg\u00f3cio. A regra vem da legisla\u00e7\u00e3o previdenci\u00e1ria: o s\u00f3cio que presta servi\u00e7o \u00e0 empresa \u00e9 contribuinte obrigat\u00f3rio do INSS (<a href=\"https:\/\/www.planalto.gov.br\/ccivil_03\/leis\/l8212cons.htm\" target=\"_blank\" rel=\"noopener\">Lei n\u00ba 8.212\/1991<\/a>), e \u00e9 sobre o pr\u00f3-labore que essa contribui\u00e7\u00e3o incide.<\/p>\n<p>Aqui est\u00e1 a distin\u00e7\u00e3o que confunde quase todo mundo: pr\u00f3-labore n\u00e3o \u00e9 lucro. O pr\u00f3-labore paga o seu <em>trabalho<\/em>; a <a href=\"https:\/\/scmartinscontabilidade.com.br\/distribuicao-de-lucros\/\">distribui\u00e7\u00e3o de lucros<\/a> paga o seu <em>capital<\/em>. Um tem INSS e Imposto de Renda; o outro, n\u00e3o. Confundir os dois \u00e9 o erro que leva s\u00f3cio a pagar imposto a mais \u2014 ou a ficar sem cobertura do INSS quando mais precisa.<\/p>\n<h2>Qual \u00e9 o pr\u00f3-labore m\u00ednimo em 2026?<\/h2>\n<p>Quando o s\u00f3cio trabalha na empresa, o pr\u00f3-labore n\u00e3o pode ser menor que <strong>um sal\u00e1rio m\u00ednimo \u2014 R$ 1.621,00 em 2026<\/strong>. Esse \u00e9 o piso. Teto m\u00e1ximo n\u00e3o existe: o s\u00f3cio pode retirar o valor que fizer sentido para a atividade. O que tem teto \u00e9 o desconto do INSS, limitado ao teto previdenci\u00e1rio de <strong>R$ 8.475,55<\/strong> em 2026.<\/p>\n<p>Na pr\u00e1tica, muita empresa fixa o pr\u00f3-labore no m\u00ednimo por reflexo, para pagar menos INSS. Nem sempre \u00e9 a melhor conta \u2014 como voc\u00ea vai ver na se\u00e7\u00e3o do Fator R, \u00e0s vezes um pr\u00f3-labore maior derruba o imposto da empresa inteira.<\/p>\n<h2>Como o pr\u00f3-labore \u00e9 tributado: INSS e Imposto de Renda<\/h2>\n<p>Sobre o pr\u00f3-labore incidem duas cobran\u00e7as. A primeira \u00e9 o <strong>INSS do s\u00f3cio<\/strong>: 11% descontados do valor bruto, como contribuinte individual, at\u00e9 o teto de R$ 8.475,55. A segunda \u00e9 o <strong>Imposto de Renda<\/strong>, pela tabela progressiva mensal \u2014 com uma novidade importante de 2026.<\/p>\n<p>Desde janeiro, a faixa de isen\u00e7\u00e3o do IR subiu: quem recebe at\u00e9 <strong>R$ 5.000 por m\u00eas fica isento<\/strong>, conforme a <a href=\"https:\/\/www.planalto.gov.br\/ccivil_03\/_ato2023-2026\/2025\/lei\/l15270.htm\" target=\"_blank\" rel=\"noopener\">Lei n\u00ba 15.270\/2025<\/a>. Ou seja, boa parte dos pr\u00f3-labores de pequenas empresas hoje n\u00e3o paga IR \u2014 s\u00f3 o INSS.<\/p>\n<p>E a contribui\u00e7\u00e3o patronal de 20%? Depende do regime. Nas empresas do <a href=\"https:\/\/www.planalto.gov.br\/ccivil_03\/leis\/lcp\/lcp123.htm\" target=\"_blank\" rel=\"noopener\">Simples Nacional<\/a> dos Anexos I, II, III e V, ela j\u00e1 est\u00e1 <strong>embutida no DAS<\/strong> \u2014 n\u00e3o h\u00e1 recolhimento separado. A exce\u00e7\u00e3o \u00e9 o <strong>Anexo IV<\/strong> (como constru\u00e7\u00e3o civil e algumas atividades), onde a empresa recolhe os 20% patronais \u00e0 parte, sobre o pr\u00f3-labore. Fora do Simples (Lucro Presumido ou Real), o patronal de 20% tamb\u00e9m \u00e9 devido separadamente.<\/p>\n<div style=\"background:#f8fafc;border:1px solid #e2e8f0;border-radius:8px;padding:1.5rem;margin:2rem 0;text-align:center;\">\n<p style=\"margin:0 0 0.75rem;font-weight:700;font-size:1.1rem;\">Qual pr\u00f3-labore paga menos imposto no seu caso?<\/p>\n<p style=\"margin:0 0 1rem;\">A gente calcula o ponto em que a folha come\u00e7a a trabalhar a seu favor.<\/p>\n<p style=\"margin:0;\"><a href=\"https:\/\/wa.me\/5544965910033?text=Ol%C3%A1%21%20Li%20o%20artigo%20sobre%20pr%C3%B3-labore%20e%20quero%20definir%20o%20valor%20no%20meu%20caso.\" target=\"_blank\" rel=\"noopener\" style=\"display:inline-block;background:#25D366;color:#fff;padding:0.75rem 1.5rem;border-radius:6px;text-decoration:none;font-weight:600;\">Falar no WhatsApp<\/a><\/p>\n<\/div>\n<h2>Pr\u00f3-labore e o Fator R: quando pagar mais folha reduz o imposto<\/h2>\n<p>Aqui est\u00e1 a parte que quase ningu\u00e9m aproveita. No Simples Nacional, o <strong>Fator R<\/strong> decide se prestadores de servi\u00e7o s\u00e3o tributados pelo Anexo V (mais caro, come\u00e7a em 15,5%) ou pelo Anexo III (mais barato, come\u00e7a em 6%). E o Fator R \u00e9 uma conta simples:<\/p>\n<figure style=\"margin:2rem 0;text-align:center;\">\n<svg viewBox=\"0 0 560 220\" role=\"img\" aria-label=\"Compara\u00e7\u00e3o da al\u00edquota inicial: Anexo V come\u00e7a em 15,5% e Anexo III come\u00e7a em 6%\" xmlns=\"http:\/\/www.w3.org\/2000\/svg\" style=\"max-width:100%;height:auto;\">\n  <text x=\"280\" y=\"26\" text-anchor=\"middle\" font-family=\"Arial, sans-serif\" font-size=\"16\" font-weight=\"700\" fill=\"#1e293b\">Al\u00edquota inicial no Simples Nacional<\/text>\n  <text x=\"280\" y=\"46\" text-anchor=\"middle\" font-family=\"Arial, sans-serif\" font-size=\"12\" fill=\"#64748b\">Fator R (folha \u00f7 faturamento) igual ou acima de 28% leva ao Anexo III<\/text>\n  <!-- Anexo V bar -->\n  <text x=\"20\" y=\"92\" font-family=\"Arial, sans-serif\" font-size=\"13\" font-weight=\"600\" fill=\"#334155\">Anexo V<\/text>\n  <rect x=\"120\" y=\"78\" width=\"387\" height=\"26\" rx=\"4\" fill=\"#cbd5e1\"><\/rect>\n  <text x=\"515\" y=\"96\" text-anchor=\"end\" font-family=\"Arial, sans-serif\" font-size=\"13\" font-weight=\"700\" fill=\"#334155\">15,5%<\/text>\n  <!-- Anexo III bar -->\n  <text x=\"20\" y=\"150\" font-family=\"Arial, sans-serif\" font-size=\"13\" font-weight=\"600\" fill=\"#334155\">Anexo III<\/text>\n  <rect x=\"120\" y=\"136\" width=\"150\" height=\"26\" rx=\"4\" fill=\"#2563eb\"><\/rect>\n  <text x=\"278\" y=\"154\" font-family=\"Arial, sans-serif\" font-size=\"13\" font-weight=\"700\" fill=\"#2563eb\">6%<\/text>\n  <text x=\"120\" y=\"196\" font-family=\"Arial, sans-serif\" font-size=\"11\" fill=\"#94a3b8\">Al\u00edquota nominal da 1\u00aa faixa. A efetiva \u00e9 menor, calculada pela f\u00f3rmula do Simples.<\/text>\n<\/svg><figcaption style=\"font-size:0.85rem;color:#64748b;margin-top:0.5rem;\">Fonte: Lei Complementar n\u00ba 123\/2006, anexos III e V. Elabora\u00e7\u00e3o: SC Martins Contabilidade.<\/figcaption><\/figure>\n<p>O Fator R \u00e9 a folha de pagamento dos \u00faltimos 12 meses (incluindo o pr\u00f3-labore e o INSS sobre ele) dividida pelo faturamento do mesmo per\u00edodo. Se o resultado for <strong>28% ou mais<\/strong>, a empresa cai no Anexo III. Como o pr\u00f3-labore comp\u00f5e essa folha, aument\u00e1-lo pode ser justamente o que leva um m\u00e9dico, advogado ou dev do Anexo V para o Anexo III \u2014 e derruba a carga de imposto. \u00c9 por isso que fixar o pr\u00f3-labore no m\u00ednimo, no autom\u00e1tico, \u00e0s vezes sai caro.<\/p>\n<p>Esse racioc\u00ednio aparece com for\u00e7a na decis\u00e3o de virar PJ. Se voc\u00ea ainda est\u00e1 nessa d\u00favida, vale ler nosso guia sobre <a href=\"https:\/\/scmartinscontabilidade.com.br\/clt-ou-pj\/\">CLT ou PJ<\/a> e, para o caso espec\u00edfico da medicina, o texto sobre <a href=\"https:\/\/scmartinscontabilidade.com.br\/pj-medica-vale-a-pena\/\">PJ m\u00e9dica<\/a>.<\/p>\n<h2>Pr\u00f3-labore ou distribui\u00e7\u00e3o de lucros?<\/h2>\n<p>A pergunta certa n\u00e3o \u00e9 &#8220;qual dos dois&#8221;, e sim &#8220;quanto de cada um&#8221;. O pr\u00f3-labore tem INSS e IR, mas conta para a sua aposentadoria e garante benef\u00edcios do INSS. A distribui\u00e7\u00e3o de lucros, na pessoa f\u00edsica, \u00e9 isenta de IR at\u00e9 o limite \u2014 por\u00e9m a <a href=\"https:\/\/www.planalto.gov.br\/ccivil_03\/_ato2023-2026\/2025\/lei\/l15270.htm\" target=\"_blank\" rel=\"noopener\">Lei n\u00ba 15.270\/2025<\/a> passou a cobrar IRRF de 10% sobre dividendos acima de R$ 50 mil por m\u00eas pagos por uma mesma empresa a uma mesma pessoa.<\/p>\n<p>Retirar tudo como lucro para fugir do INSS parece esperto, mas deixa o s\u00f3cio sem cobertura previdenci\u00e1ria e pode desmontar o Fator R, jogando a empresa no anexo mais caro. O ponto de equil\u00edbrio muda conforme o faturamento, a atividade e o regime \u2014 e \u00e9 exatamente o tipo de conta que um contador faz com os seus n\u00fameros na frente.<\/p>\n<h2>Como definir o pr\u00f3-labore ideal para a sua empresa<\/h2>\n<p>Definir o pr\u00f3-labore ideal \u00e9 equilibrar tr\u00eas coisas ao mesmo tempo: o INSS que voc\u00ea recolhe, o Imposto de Renda da pessoa f\u00edsica e o Fator R da empresa. N\u00e3o existe um valor \u00fanico que sirva para todos \u2014 o m\u00ednimo de R$ 1.621 \u00e9 o piso legal, n\u00e3o a resposta. A resposta depende do seu faturamento, do seu anexo e de quanto voc\u00ea quer construir de previd\u00eancia.<\/p>\n<p>Na SC Martins, esse c\u00e1lculo faz parte da estrutura que montamos para cada cliente \u2014 do primeiro pr\u00f3-labore ao ajuste ano a ano. Se voc\u00ea est\u00e1 come\u00e7ando agora, o momento de acertar isso \u00e9 na <a href=\"https:\/\/scmartinscontabilidade.com.br\/abrir-empresa\/\">abertura da empresa em Maring\u00e1<\/a>; se j\u00e1 tem empresa, d\u00e1 para revisar a qualquer momento.<\/p>\n<div style=\"background:#f8fafc;border:1px solid #e2e8f0;border-radius:8px;padding:1.5rem;margin:2rem 0;text-align:center;\">\n<p style=\"margin:0 0 0.75rem;font-weight:700;font-size:1.1rem;\">Quer descobrir o pr\u00f3-labore que faz sentido para o seu caso?<\/p>\n<p style=\"margin:0 0 1rem;\">A gente calcula com os seus n\u00fameros, sem juridiqu\u00eas e sem compromisso.<\/p>\n<p style=\"margin:0;\"><a href=\"https:\/\/wa.me\/5544965910033?text=Ol%C3%A1%21%20Li%20o%20artigo%20sobre%20pr%C3%B3-labore%20e%20quero%20ajuda%20para%20definir%20o%20meu.\" target=\"_blank\" rel=\"noopener\" style=\"display:inline-block;background:#25D366;color:#fff;padding:0.75rem 1.5rem;border-radius:6px;text-decoration:none;font-weight:600;\">Falar no WhatsApp<\/a><\/p>\n<\/div>\n<h2>Perguntas frequentes sobre pr\u00f3-labore<\/h2>\n<h3>Qual \u00e9 o pr\u00f3-labore m\u00ednimo em 2026?<\/h3>\n<p>Quando o s\u00f3cio trabalha na empresa e retira pr\u00f3-labore, o valor n\u00e3o pode ser menor que um sal\u00e1rio m\u00ednimo, que em 2026 \u00e9 de R$ 1.621,00. N\u00e3o h\u00e1 teto legal para o pr\u00f3-labore, mas o desconto de INSS do s\u00f3cio respeita o teto previdenci\u00e1rio de R$ 8.475,55.<\/p>\n<h3>Pr\u00f3-labore \u00e9 obrigat\u00f3rio?<\/h3>\n<p>Sim, quando h\u00e1 s\u00f3cio que efetivamente trabalha na administra\u00e7\u00e3o ou na opera\u00e7\u00e3o da empresa. Nesse caso, a <a href=\"https:\/\/www.planalto.gov.br\/ccivil_03\/leis\/l8212cons.htm\" target=\"_blank\" rel=\"noopener\">Lei n\u00ba 8.212\/1991<\/a> exige a defini\u00e7\u00e3o de um pr\u00f3-labore e o recolhimento do INSS. Se nenhum s\u00f3cio presta servi\u00e7o \u00e0 empresa, a obriga\u00e7\u00e3o n\u00e3o se aplica \u2014 situa\u00e7\u00e3o que o contador deve avaliar caso a caso.<\/p>\n<h3>Pr\u00f3-labore ou distribui\u00e7\u00e3o de lucros: qual compensa?<\/h3>\n<p>S\u00e3o coisas diferentes. O pr\u00f3-labore remunera o trabalho, gera INSS e conta para a aposentadoria. A distribui\u00e7\u00e3o de lucros remunera o capital e, na pessoa f\u00edsica, \u00e9 isenta de Imposto de Renda at\u00e9 o limite \u2014 mas a <a href=\"https:\/\/www.planalto.gov.br\/ccivil_03\/_ato2023-2026\/2025\/lei\/l15270.htm\" target=\"_blank\" rel=\"noopener\">Lei 15.270\/2025<\/a> criou IRRF de 10% sobre dividendos acima de R$ 50 mil por m\u00eas. O equil\u00edbrio entre os dois depende de c\u00e1lculo.<\/p>\n<h3>Pr\u00f3-labore conta para a aposentadoria?<\/h3>\n<p>Sim. Sobre o pr\u00f3-labore o s\u00f3cio recolhe 11% de INSS como contribuinte individual, na forma da <a href=\"https:\/\/www.planalto.gov.br\/ccivil_03\/leis\/l8212cons.htm\" target=\"_blank\" rel=\"noopener\">Lei n\u00ba 8.212\/1991<\/a>, e esse recolhimento conta tempo de contribui\u00e7\u00e3o e forma a base de c\u00e1lculo dos benef\u00edcios do INSS. A distribui\u00e7\u00e3o de lucros, por n\u00e3o ter INSS, n\u00e3o gera esse direito.<\/p>\n<p style=\"font-size:0.85rem;color:#64748b;margin-top:2.5rem;border-top:1px solid #e2e8f0;padding-top:1rem;\">Conte\u00fado informativo produzido por <strong>Silvio Cesar Martins<\/strong>, contador \u2014 <strong>CRC\/PR 1-045678\/O-9<\/strong> \u2014, da <strong>SC Martins Contabilidade (CRC PR-012044)<\/strong>. Este material tem car\u00e1ter educativo e n\u00e3o substitui a an\u00e1lise cont\u00e1bil do seu caso concreto. As regras citadas t\u00eam base na legisla\u00e7\u00e3o vigente em 2026 e podem ser alteradas.<\/p>\n<p><script type=\"application\/ld+json\">\n{\n  \"@context\": \"https:\/\/schema.org\",\n  \"@type\": \"FAQPage\",\n  \"mainEntity\": [\n    {\n      \"@type\": \"Question\",\n      \"name\": \"Qual \u00e9 o pr\u00f3-labore m\u00ednimo em 2026?\",\n      \"acceptedAnswer\": {\n        \"@type\": \"Answer\",\n        \"text\": \"Quando o s\u00f3cio trabalha na empresa e retira pr\u00f3-labore, o valor n\u00e3o pode ser menor que um sal\u00e1rio m\u00ednimo, que em 2026 \u00e9 de R$ 1.621,00. N\u00e3o existe teto legal para o pr\u00f3-labore, mas o desconto de INSS do s\u00f3cio respeita o teto previdenci\u00e1rio de R$ 8.475,55.\"\n      }\n    },\n    {\n      \"@type\": \"Question\",\n      \"name\": \"Pr\u00f3-labore \u00e9 obrigat\u00f3rio?\",\n      \"acceptedAnswer\": {\n        \"@type\": \"Answer\",\n        \"text\": \"Sim, quando h\u00e1 s\u00f3cio que efetivamente trabalha na administra\u00e7\u00e3o ou na opera\u00e7\u00e3o da empresa. Nesse caso, a Lei n\u00ba 8.212\/1991 exige a defini\u00e7\u00e3o de um pr\u00f3-labore e o recolhimento do INSS. Se nenhum s\u00f3cio presta servi\u00e7o \u00e0 empresa, a obriga\u00e7\u00e3o n\u00e3o se aplica \u2014 situa\u00e7\u00e3o que o contador deve avaliar caso a caso.\"\n      }\n    },\n    {\n      \"@type\": \"Question\",\n      \"name\": \"Pr\u00f3-labore ou distribui\u00e7\u00e3o de lucros: qual compensa?\",\n      \"acceptedAnswer\": {\n        \"@type\": \"Answer\",\n        \"text\": \"S\u00e3o coisas diferentes. O pr\u00f3-labore remunera o trabalho, gera INSS e conta para a aposentadoria. A distribui\u00e7\u00e3o de lucros remunera o capital e, na pessoa f\u00edsica, \u00e9 isenta de Imposto de Renda at\u00e9 o limite \u2014 mas a Lei 15.270\/2025 criou IRRF de 10% sobre dividendos acima de R$ 50 mil por m\u00eas. O equil\u00edbrio entre os dois depende de c\u00e1lculo.\"\n      }\n    },\n    {\n      \"@type\": \"Question\",\n      \"name\": \"Pr\u00f3-labore conta para a aposentadoria?\",\n      \"acceptedAnswer\": {\n        \"@type\": \"Answer\",\n        \"text\": \"Sim. Sobre o pr\u00f3-labore o s\u00f3cio recolhe 11% de INSS como contribuinte individual, na forma da Lei n\u00ba 8.212\/1991, e esse recolhimento conta tempo de contribui\u00e7\u00e3o e forma a base de c\u00e1lculo dos benef\u00edcios do INSS, como aposentadoria e aux\u00edlio por incapacidade. A distribui\u00e7\u00e3o de lucros, por n\u00e3o ter INSS, n\u00e3o gera esse direito.\"\n      }\n    }\n  ]\n}\n<\/script><\/p>\n","protected":false},"excerpt":{"rendered":"<p>O pr\u00f3-labore remunera o trabalho do s\u00f3cio e n\u00e3o pode ser menor que um sal\u00e1rio m\u00ednimo \u2014 R$ 1.621 em 2026. Sobre ele incidem 11% de INSS e Imposto de Renda. O valor escolhido mexe no Fator R e pode mudar o anexo do Simples.<\/p>\n","protected":false},"author":4,"featured_media":2654,"comment_status":"open","ping_status":"open","sticky":false,"template":"","format":"standard","meta":{"footnotes":""},"categories":[13],"tags":[31,36,34,30],"class_list":["post-2451","post","type-post","status-publish","format-standard","has-post-thumbnail","hentry","category-autonomos-e-pj","tag-fator-r","tag-inss","tag-pro-labore","tag-simples-nacional"],"_links":{"self":[{"href":"https:\/\/scmartinscontabilidade.com.br\/index.php\/wp-json\/wp\/v2\/posts\/2451","targetHints":{"allow":["GET"]}}],"collection":[{"href":"https:\/\/scmartinscontabilidade.com.br\/index.php\/wp-json\/wp\/v2\/posts"}],"about":[{"href":"https:\/\/scmartinscontabilidade.com.br\/index.php\/wp-json\/wp\/v2\/types\/post"}],"author":[{"embeddable":true,"href":"https:\/\/scmartinscontabilidade.com.br\/index.php\/wp-json\/wp\/v2\/users\/4"}],"replies":[{"embeddable":true,"href":"https:\/\/scmartinscontabilidade.com.br\/index.php\/wp-json\/wp\/v2\/comments?post=2451"}],"version-history":[{"count":7,"href":"https:\/\/scmartinscontabilidade.com.br\/index.php\/wp-json\/wp\/v2\/posts\/2451\/revisions"}],"predecessor-version":[{"id":2671,"href":"https:\/\/scmartinscontabilidade.com.br\/index.php\/wp-json\/wp\/v2\/posts\/2451\/revisions\/2671"}],"wp:featuredmedia":[{"embeddable":true,"href":"https:\/\/scmartinscontabilidade.com.br\/index.php\/wp-json\/wp\/v2\/media\/2654"}],"wp:attachment":[{"href":"https:\/\/scmartinscontabilidade.com.br\/index.php\/wp-json\/wp\/v2\/media?parent=2451"}],"wp:term":[{"taxonomy":"category","embeddable":true,"href":"https:\/\/scmartinscontabilidade.com.br\/index.php\/wp-json\/wp\/v2\/categories?post=2451"},{"taxonomy":"post_tag","embeddable":true,"href":"https:\/\/scmartinscontabilidade.com.br\/index.php\/wp-json\/wp\/v2\/tags?post=2451"}],"curies":[{"name":"wp","href":"https:\/\/api.w.org\/{rel}","templated":true}]}}